{"id":253,"date":"2016-10-31T22:56:57","date_gmt":"2016-10-31T22:56:57","guid":{"rendered":"http:\/\/www.danalbertini.co\/?p=253"},"modified":"2016-10-31T22:56:57","modified_gmt":"2016-10-31T22:56:57","slug":"conference-mondiale-contre-le-racisme-et-la-xenophobie","status":"publish","type":"post","link":"https:\/\/danalbertini.ca\/?p=253","title":{"rendered":"CONF\u00c9RENCE MONDIALE CONTRE LE RACISME ET LA X\u00c9NOPHOBIE"},"content":{"rendered":"<p style=\"text-align: justify;\"><strong>Les masques sont tomb\u00e9s en Afrique Du Sud<\/strong><\/p>\n<p style=\"text-align: justify;\">Il est minuit moins le quart, juste un peu de temps avant le coup d&rsquo;envoi de la conf\u00e9rence mondiale. Le titre est ronflant mais l&rsquo;affaire est s\u00e9rieuse. Sans vouloir amplifier, le r\u00e9aliste de l&rsquo;affaire est que des pays au pass\u00e9 colonisateur, avec tout ce que cela implique, seront \u00e0 la m\u00eame table que leurs victimes d&rsquo;autrefois. Ils vont se parler de racisme, de x\u00e9nophobie et d&rsquo;exclusion. La r\u00e9alit\u00e9 veut aussi que ces pays au pass\u00e9 esclavagiste h\u00e9bergent chez eux aujourd&rsquo;hui, l&rsquo;\u00e9pineux probl\u00e8me du racisme. En fait, le blanc a mis sur la notion du racisme sur la table et depuis peu, commence \u00e0 se reconna\u00eetre dans ce miroir. Le Canada le confirme \u00e0 travers son dossier pr\u00e9paratoire pour la conf\u00e9rence de Durban. Cependant, il n&rsquo;est plus surprenant que ceux qui sont victimes du racisme, de la x\u00e9nophobie, de l&rsquo;exclusion viennent pour la grande majorit\u00e9 des pays o\u00f9 l&rsquo;esclavage faisait rage, alors que, aujourd&rsquo;hui encore, les anciens colonisateurs dominent et s&rsquo;accaparent de la richesse de ce qu&rsquo;ils appellent le tiers-monde. Regardez la France et l&rsquo;Afrique noire. L&rsquo;Afrique du Sud, pays h\u00f4te de la conf\u00e9rence, un cas pathologique contemporain. Les blancs sont cat\u00e9goriques: exclusion totales des noirs.<\/p>\n<p style=\"text-align: justify;\">En fait, c&rsquo;est une bonne chose que de s&rsquo;asseoir ensemble et de discuter: \u00e9gal \u00e0 \u00e9gal ? Le Canada a eu le courage de publier ses r\u00e9flexions et son plan d&rsquo;intervention sur le web (un outil \u00e0 la port\u00e9e de tous dans le monde entier). Cependant, l\u00e0 o\u00f9 le b\u00e2t blesse et, \u00e7a irrite, ce sont des pays comme Ha\u00efti (ancienne colonie fran\u00e7aise) qui, malgr\u00e9 les capacit\u00e9s du web et leurs multiples adresses de courriel, ne publient ni, ne r\u00e9ponde aux demandes sur leurs r\u00e9flexions et leur plan d&rsquo;intervention. Il y en a d&rsquo;autres, Ha\u00efti n&rsquo;est pas le seul.<\/p>\n<p style=\"text-align: justify;\">Permettez-moi de faire r\u00e9f\u00e9rence au dossier du CIO o\u00f9, les \u00a0\u00bbgrands\u00a0\u00bb pays achetaient le vote des \u00a0\u00bbpetits\u00a0\u00bb pays avec une promesse d&rsquo;aide au d\u00e9veloppement ou une aide personnelle au repr\u00e9sentant. Dans le cas de la conf\u00e9rence mondiale ce sera peut-\u00eatre le silence qu&rsquo;on ach\u00e8tera puisqu&rsquo;on en sait jusqu&rsquo;\u00e0 pr\u00e9sent rien de leurs intentions.<\/p>\n<p style=\"text-align: justify;\">Avouons qu&rsquo;il y a mati\u00e8re \u00e0 inqui\u00e9ter !<\/p>\n<p style=\"text-align: justify;\">L&rsquo;affaire est vraiment s\u00e9rieuse car des pays comme Ha\u00efti qui ont des ressortissants dans les pays comme le Canada et le Qu\u00e9bec, victimes de racisme et autre, comment interviendront-ils, \u00e0 travers leurs relations diplomatiques, en faveur de ces ressortissants alors qu&rsquo;ils gardent le silence pour cette conf\u00e9rence. N&rsquo;oublions pas que ces \u00a0\u00bbgrands\u00a0\u00bb pays interviennent par ce m\u00eame cr\u00e9neau dans la politique des \u00a0\u00bbpetits\u00a0\u00bb pays dans le domaine des droits de l&rsquo;homme. L\u00e0 o\u00f9 l&rsquo;inqui\u00e9tude augmente, permettez-moi encore une r\u00e9f\u00e9rence, c&rsquo;est quand les \u00a0\u00bbgrands\u00a0\u00bb intervenants de cette table de discussion viennent de la m\u00eame \u00e9cole que le nouveau pr\u00e9sident Georges Painchaud de la Fraternit\u00e9 des policiers de la Communaut\u00e9 Urbaine de Montr\u00e9al. Une \u00e9cole, un syst\u00e8me, un homme qui veut faire taire le pass\u00e9 dans le cas de l&rsquo;affaire Barnab\u00e9 et, passer \u00e0 autre chose. Quelle chose ?<\/p>\n<p style=\"text-align: justify;\">Donc l&rsquo;affaire est vraiment s\u00e9rieuse !<\/p>\n<p style=\"text-align: justify;\">Dans tous les cas, justice sera \u00e9gale \u00e0 r\u00e9paration sinon c&rsquo;est la honte.<\/p>\n<p style=\"text-align: justify;\"><strong>Le racisme (suite).<\/strong> &#8211;\u00a0 les masques tomb\u00e9s et maintenant ? Trois jours avant la fin. &#8211; La barri\u00e8re est r\u00e9elle, mieux, syst\u00e9matique. Ce n&rsquo;est plus une tendance, c&rsquo;est une pratique\u2026, subtile. Nous assistons aujourd&rsquo;hui \u00e0 la premi\u00e8re lev\u00e9e de boucliers des dirigeants de certaines grandes d\u00e9mocraties dans le monde contre les enjeux r\u00e9els de la conf\u00e9rence de Durban en Afrique du Sud. Peut-on regarder avec indiff\u00e9rence les effets d\u00e9vastateurs de l&rsquo;esclavage sur les peuples noirs au moment o\u00f9 l&rsquo;on parle de d\u00e9mocratie totale, l&rsquo;impunit\u00e9 serait-elle une faveur pour certains ? Georges W. Bush, plus visible que les autres, n&rsquo;est pas le seul comportement m\u00e9prisable, d&rsquo;autres plus subtils se cachent en arri\u00e8re d&rsquo;un \u00e9cran qui leur permet de faux semblants. Certains profitent m\u00eame de leur tribune pour faire de la diversion. Une diversion qui cache une obstruction au point que: l\u00e9gitime insistance se confond \u00e0 embarrassant harc\u00e8lement. L&rsquo;affaire ne se limite pas Durban, elle s&rsquo;\u00e9tend de l&rsquo;indiff\u00e9rence \u00e0 la r\u00e9sistance de la politique qu\u00e9b\u00e9coise jusqu&rsquo;aux aux fronti\u00e8res des grands m\u00e9dias. Que penser, lorsque le comportement des dirigeants de l&rsquo;un des peuples les plus d\u00e9mocratis\u00e9s au monde frise la complicit\u00e9 au statut quo! L&rsquo;absence du premier ministre Bernard Landry \u00e0 cette conf\u00e9rence internationale fait l&rsquo;objet d&rsquo;inqui\u00e9tude quand on pense \u00e0 son empressement de revendiquer au Canada le droit de participer en tant que nation \u00e0 d&rsquo;autres conf\u00e9rences de ce calibre. Comment les Qu\u00e9b\u00e9cois de race noir doivent-ils interpr\u00e9ter l&rsquo;attitude de celui qui dit proposer une nation nouvelle ?<\/p>\n<p style=\"text-align: justify;\">Il serait maladroit de juger le comportement des politiciens seulement car, des institutions qui aspirent \u00e0 la justice couvent encore aujourd&rsquo;hui des pr\u00e9jug\u00e9s d\u00e9favorables envers les citoyens de race noires. Combien j&rsquo;ai \u00e9t\u00e9 surpris d&rsquo;apprendre de madame Jumelle (une juge administrative d&rsquo;origine ha\u00eftienne), que le Barreau des avocats ne montrait pas patte blanche en la mati\u00e8re. Elle m\u00eame, avait d\u00fb d\u00e9chirer sa licence et la leur remettre en guise de protestation contre le degr\u00e9 \u00e9lev\u00e9 de racisme au sein du Barreau. Aujourd&rsquo;hui encore, elle milite contre le niveau \u00e9lev\u00e9 de racisme. Dans son cas, dirait-on que la lutte contre la discrimination envers les femmes a \u00e9t\u00e9 plus efficace que celle contre le racisme. C&rsquo;est l\u00e0 o\u00f9 l&rsquo;intervention des grands m\u00e9dias ressemble \u00e0 du m\u00e9pris, se confondant \u00e0 de la complicit\u00e9. La Presse dans son \u00e9dition du mercredi 29 septembre dernier soulevait le probl\u00e8me de l&rsquo;homosexualit\u00e9 noire dans le contexte de la conf\u00e9rence de Durban. L&rsquo;affaire peut para\u00eetre normale. Cependant la cause des homosexuels ne peut et ne doit pas se confondre au probl\u00e8me du racisme dans la soci\u00e9t\u00e9. Les deux doivent se r\u00e9soudre s\u00e9par\u00e9ment car la communaut\u00e9 noire ne se r\u00e9clame pas d&rsquo;\u00eatre homosexuelle. Lorsqu&rsquo;on conna\u00eet le puissant lobby de cette communaut\u00e9-ci dans les milieux de la politique, des arts, de la haute finance, \u2026 etc., cette cause ne peut \u00eatre d\u00e9fendue sur le dos des Noirs. Dix ans plus tard, qu&rsquo;en sera-t-il ?<\/p>\n<p style=\"text-align: justify;\">Cette attitude du journaliste de la Presse est carr\u00e9ment suspecte et laisse \u00e0 d\u00e9sirer. Devrait-on dire: cette attitude du journal la Presse qui cultive cette mauvaise habitude de se servir des Noirs pour justifier ses points de vue. Rappelez-vous des vandales de la St. Jean \u00e0 la biblioth\u00e8que de l&rsquo;Assembl\u00e9e Nationale du Qu\u00e9bec, la photo d&rsquo;un jeune Noir \u00e9tait utilis\u00e9e pour expliquer les d\u00e9g\u00e2ts commis par des Blancs. Quand la politique et les grandes entreprises trouvent le support des m\u00e9dias, on peut comprendre facilement pourquoi la notion du racisme est encore si \u00e9lev\u00e9e. Que penser alors de la revendication des Noirs dont les parents ont \u00e9t\u00e9 victimes des atrocit\u00e9s de l&rsquo;esclavage ! Ces derniers jours, j&rsquo;\u00e9coutais un journaliste de Radio Canada qui concluait d\u00e9j\u00e0 sur l&rsquo;issue des revendications des Noirs relativement aux d\u00e9dommagements r\u00e9clam\u00e9s. N&rsquo;est-il pas encore trop pour \u00e9mettre des hypoth\u00e8ses, mieux, l&rsquo;unique hypoth\u00e8se quant \u00e0 la solution possible. N&rsquo;est-ce pas l\u00e0 une suggestion \u00e0 la politique ?<\/p>\n<p style=\"text-align: justify;\">L&rsquo;esclavage est un crime contre l&rsquo;humanit\u00e9, ses fruits ne peuvent pas \u00eatre ignor\u00e9s, au profit des responsables. Cela m\u00e9rite r\u00e9paration. La France et les autres doivent en r\u00e9pondre. Le racisme aujourd&rsquo;hui, est la prolongation du bras de l&rsquo;esclavage qui cr\u00e9e des citoyens de second ordre de mani\u00e8re \u00e0 emp\u00eacher leur \u00e9panouissement en les condamnant \u00e0 une position inf\u00e9rieure, les emp\u00eachant de comprendre les pass\u00e9, un pass\u00e9 encore r\u00e9cent, et, perp\u00e9tuant ainsi la domination de l&rsquo;homme blanc.<\/p>\n<p style=\"text-align: justify;\">L&rsquo;heure n&rsquo;est plus \u00e0 la patience, l&rsquo;heure est \u00e0 la strat\u00e9gie. Le Canada est peut-\u00eatre le meilleur des alli\u00e9s de la cause. Les alli\u00e9s devront mieux se rassembler aujourd&rsquo;hui pour contrer cette vague dont le pr\u00e9sident Bush semble vouloir se r\u00e9clamer d&rsquo;\u00eatre l&rsquo;ambassadeur. L&rsquo;heure est aussi \u00e0 la vigilance car les noyaux durs vont essayer de renvoyer la balle. D\u00e9finitivement, les richesses accumul\u00e9es sur le dos des Noirs doivent \u00eatre mieux partag\u00e9es aujourd&rsquo;hui.<\/p>\n<p style=\"text-align: justify;\"><em>Dan Albertini<\/em><\/p>\n<hr \/>\n<p style=\"text-align: justify;\"><strong>Chronique Culture &amp; Soci\u00e9t\u00e9\u00a0; Journal PAMH de Montr\u00e9al ISSN1496-077X, <\/strong><strong>volume 1 num\u00e9ro 11. Septembre 2001, Page 5.<\/strong><strong> Archives situ\u00e9es \u00e0 la BANQ, rue Berri<\/strong><\/p>\n<p style=\"text-align: justify;\">Les titres publi\u00e9s sont ici respect\u00e9s mais les titres originaux envoy\u00e9s, modifi\u00e9s, sont mis en exergue<\/p>\n","protected":false},"excerpt":{"rendered":"<p>Les masques sont tomb\u00e9s en Afrique Du Sud Il est minuit moins le quart, juste un peu de temps avant le coup d&rsquo;envoi de la conf\u00e9rence mondiale. Le titre est ronflant mais l&rsquo;affaire est s\u00e9rieuse. Sans vouloir amplifier, le r\u00e9aliste de l&rsquo;affaire est que des pays au pass\u00e9 colonisateur, avec tout ce que cela implique, seront \u00e0 la m\u00eame table que leurs victimes d&rsquo;autrefois. Ils vont se parler de racisme, de x\u00e9nophobie et d&rsquo;exclusion. La r\u00e9alit\u00e9 veut aussi que ces pays au pass\u00e9 esclavagiste h\u00e9bergent chez eux aujourd&rsquo;hui, l&rsquo;\u00e9pineux probl\u00e8me&#8230; <\/p>\n","protected":false},"author":1,"featured_media":0,"comment_status":"open","ping_status":"open","sticky":false,"template":"","format":"standard","meta":{"footnotes":""},"categories":[60,61,19,76],"tags":[],"class_list":["post-253","post","type-post","status-publish","format-standard","hentry","category-archives-journal-pamh","category-archives-reseau-hem","category-observatoire","category-societe-et-politique"],"_links":{"self":[{"href":"https:\/\/danalbertini.ca\/index.php?rest_route=\/wp\/v2\/posts\/253","targetHints":{"allow":["GET"]}}],"collection":[{"href":"https:\/\/danalbertini.ca\/index.php?rest_route=\/wp\/v2\/posts"}],"about":[{"href":"https:\/\/danalbertini.ca\/index.php?rest_route=\/wp\/v2\/types\/post"}],"author":[{"embeddable":true,"href":"https:\/\/danalbertini.ca\/index.php?rest_route=\/wp\/v2\/users\/1"}],"replies":[{"embeddable":true,"href":"https:\/\/danalbertini.ca\/index.php?rest_route=%2Fwp%2Fv2%2Fcomments&post=253"}],"version-history":[{"count":0,"href":"https:\/\/danalbertini.ca\/index.php?rest_route=\/wp\/v2\/posts\/253\/revisions"}],"wp:attachment":[{"href":"https:\/\/danalbertini.ca\/index.php?rest_route=%2Fwp%2Fv2%2Fmedia&parent=253"}],"wp:term":[{"taxonomy":"category","embeddable":true,"href":"https:\/\/danalbertini.ca\/index.php?rest_route=%2Fwp%2Fv2%2Fcategories&post=253"},{"taxonomy":"post_tag","embeddable":true,"href":"https:\/\/danalbertini.ca\/index.php?rest_route=%2Fwp%2Fv2%2Ftags&post=253"}],"curies":[{"name":"wp","href":"https:\/\/api.w.org\/{rel}","templated":true}]}}