{"id":452,"date":"2016-08-04T20:39:00","date_gmt":"2016-08-04T20:39:00","guid":{"rendered":"http:\/\/www.danalbertini.co\/?p=1"},"modified":"2016-08-04T20:39:00","modified_gmt":"2016-08-04T20:39:00","slug":"hello-world-2","status":"publish","type":"post","link":"https:\/\/danalbertini.ca\/?p=452","title":{"rendered":"PHILOSOPHIE"},"content":{"rendered":"<p style=\"text-align: justify;\">L&rsquo;esprit ha\u00eftien de 1804 est un esprit de cr\u00e9ation, c&rsquo;est un h\u00e9ritage doubl\u00e9 d&rsquo;un patrimoine qui rend service a l&rsquo;humanit\u00e9. Il nous incombe le devoir de le nourrir. Inclusif et compl\u00e9mentaire, deux cl\u00e9s associ\u00e9es pour l&rsquo;individuel et pour le collectif.<\/p>\n<p style=\"text-align: justify;\">Je crois que l&rsquo;histoire interpelle aujourd&rsquo;hui cet Ha\u00eftien collectif pour qu&rsquo;il b\u00e2tisse une nation au service de tous les siens, apr\u00e8s avoir consenti le sacrifice qui a lib\u00e9r\u00e9 tant d&rsquo;autres peuples. Apr\u00e8s avoir \u00e9vinc\u00e9 et, r\u00e9voqu\u00e9 le g\u00e9nie du Code Noir. C&rsquo;est de l\u00e0 que je puise ma fiert\u00e9.<\/p>\n<p>Merci d&rsquo;y croire !<\/p>\n","protected":false},"excerpt":{"rendered":"<p>L&rsquo;esprit ha\u00eftien de 1804 est un esprit de cr\u00e9ation, c&rsquo;est un h\u00e9ritage doubl\u00e9 d&rsquo;un patrimoine qui rend service a l&rsquo;humanit\u00e9. Il nous incombe le devoir de le nourrir. Inclusif et compl\u00e9mentaire, deux cl\u00e9s associ\u00e9es pour l&rsquo;individuel et pour le collectif. Je crois que l&rsquo;histoire interpelle aujourd&rsquo;hui cet Ha\u00eftien collectif pour qu&rsquo;il b\u00e2tisse une nation au service de tous les siens, apr\u00e8s avoir consenti le sacrifice qui a lib\u00e9r\u00e9 tant d&rsquo;autres peuples. Apr\u00e8s avoir \u00e9vinc\u00e9 et, r\u00e9voqu\u00e9 le g\u00e9nie du Code Noir. C&rsquo;est de l\u00e0 que je puise ma fiert\u00e9. Merci&#8230; <\/p>\n","protected":false},"author":1,"featured_media":320,"comment_status":"open","ping_status":"open","sticky":false,"template":"","format":"standard","meta":{"footnotes":""},"categories":[81],"tags":[26,114,162],"class_list":["post-452","post","type-post","status-publish","format-standard","has-post-thumbnail","hentry","category-engagement","tag-dan-albertini","tag-esprit-haitiem","tag-philosophie"],"_links":{"self":[{"href":"https:\/\/danalbertini.ca\/index.php?rest_route=\/wp\/v2\/posts\/452","targetHints":{"allow":["GET"]}}],"collection":[{"href":"https:\/\/danalbertini.ca\/index.php?rest_route=\/wp\/v2\/posts"}],"about":[{"href":"https:\/\/danalbertini.ca\/index.php?rest_route=\/wp\/v2\/types\/post"}],"author":[{"embeddable":true,"href":"https:\/\/danalbertini.ca\/index.php?rest_route=\/wp\/v2\/users\/1"}],"replies":[{"embeddable":true,"href":"https:\/\/danalbertini.ca\/index.php?rest_route=%2Fwp%2Fv2%2Fcomments&post=452"}],"version-history":[{"count":0,"href":"https:\/\/danalbertini.ca\/index.php?rest_route=\/wp\/v2\/posts\/452\/revisions"}],"wp:featuredmedia":[{"embeddable":true,"href":"https:\/\/danalbertini.ca\/index.php?rest_route=\/"}],"wp:attachment":[{"href":"https:\/\/danalbertini.ca\/index.php?rest_route=%2Fwp%2Fv2%2Fmedia&parent=452"}],"wp:term":[{"taxonomy":"category","embeddable":true,"href":"https:\/\/danalbertini.ca\/index.php?rest_route=%2Fwp%2Fv2%2Fcategories&post=452"},{"taxonomy":"post_tag","embeddable":true,"href":"https:\/\/danalbertini.ca\/index.php?rest_route=%2Fwp%2Fv2%2Ftags&post=452"}],"curies":[{"name":"wp","href":"https:\/\/api.w.org\/{rel}","templated":true}]}}