{"id":75,"date":"2016-12-08T18:11:35","date_gmt":"2016-12-08T23:11:35","guid":{"rendered":"http:\/\/www.danalbertini.ca\/?p=19"},"modified":"2016-12-08T18:11:35","modified_gmt":"2016-12-08T23:11:35","slug":"trudeau-dans-limpasse-des-erreurs-inutiles","status":"publish","type":"post","link":"https:\/\/danalbertini.ca\/?p=75","title":{"rendered":"TRUDEAU DANS L\u2019IMPASSE DES ERREURS INUTILES"},"content":{"rendered":"<p style=\"text-align: justify;\"><strong>DIPLOMATIE INTERNATIONALE ET SOCI\u00c9T\u00c9<\/strong><em> p<\/em><em>ar Dan Albertini<\/em><\/p>\n<p style=\"text-align: justify;\"><em>Entre (). Adieu Fidel, j\u2019ai vu CHE hier. Dans un film on s\u2019entend. Une fille m\u2019a vu avec la jaquette et, elle m\u2019a dit\u00a0: \u00ab tr\u00e8s bon \u00bb. Karine est une jeune trinidadienne, elle paraissait d\u00e9\u00e7ue quand je lui ai dit que CHE a perdu. Cause\u00a0: Fidel.<\/em> <em>Fermons les ().<\/em><\/p>\n<p style=\"text-align: justify;\"><strong>I<\/strong>l faut d\u00e9baller le temps est au m\u00e9nage, <em>d\u2019hiver.<\/em> <em>En famille<\/em>. Linge sal<em>.<\/em> Sinon ce sera ailleurs, <em>pour un printemps de tulipes<\/em>. No\u00ebl, personne ne croit aux tulipes en hiver. Le Canada cultive une image. D\u2019une constitution ferm\u00e9e, de criminels confortables, de monarchie aveugl\u00e9e. Je l\u2019ai d\u00e9j\u00e0 \u00e9crit, <em>la rouvrir de bonne foi ou \u00e9chouer, faut passer les menottes, le fou du roi.<\/em> Mais <strong>Trudeau<\/strong> ne travaille que pour se faire r\u00e9\u00e9lire plus tard. Aux d\u00e9pens de nos droits, <em>au d\u00e9triment de l\u2019humanit\u00e9 de l\u2019homme<\/em>. Il accuse les autres, <em>comme Obama<\/em>, de ce qui se passe chez lui. Chez nous, malheureux de le dire. Il est menteur, et, on le dira \u00e0 tout le monde. On fera de la politique autrement. S\u2019il persiste tout aussi couard quand il va \u00e0 Cuba pour m\u00e9nager son langage, dr\u00f4le d\u2019ami ne sachant Castro mourant. Afrique, l\u2019arrogant grandissant se manifeste sur la Francophonie, l\u00e0 o\u00f9 la retenue de Cuba prend forme. Disons-le-lui,\u00a0nettoyer la poutre am\u00e9rindienne au visage avant de critiquer lamentablement l\u2019autre soci\u00e9t\u00e9 libre. Pour quelques dollars \u00e0 cr\u00e9dit, dans l\u2019espoir de signer le contrat. <em>Cr\u00e9diter sa r\u00e9\u00e9lection plus tard.<\/em> Dans cette Francophonie-dite fraternelle, demandez au Consul G\u00e9n\u00e9ral d\u2019Ha\u00efti s\u2019il a tenu compte de l\u2019avis dans Nos Fr\u00e8res Mayas de l\u2019ALENA. <em>Sauf, un visa banni<\/em>. J\u2019en doute de par la nature des d\u00e9nonciations des femmes am\u00e9rindiennes \u00e0 la suite de la d\u00e9cision de Qu\u00e9bec de n\u2019instruire d\u2019enqu\u00eate publique ind\u00e9pendante dans l\u2019affaire de Val-D\u2019or. Ah Trudeau cordonnier mal chauss\u00e9, \u2026. <em>Sans baptiser.<\/em> Alors Trump !<\/p>\n<p style=\"text-align: justify;\"><strong>Trudeau<\/strong> osera-t-il face \u00e0 Donald Trump, quand il faudra sauver des conventions, quand les U.S. sont le vrai Garde-C\u00f4te du Canada dans le NORAD ? Voyez le fou du Roi aujourd\u2019hui. Compl\u00e8tement d\u00e9pass\u00e9, <em>par obscurantisme<\/em>, il n\u2019a pr\u00e9vu l\u2019arriv\u00e9e du nouvel \u00e9lu am\u00e9ricain en janvier prochain. Quand l\u2019Am\u00e9rique r\u00e9clame un partenaire \u00e9prouv\u00e9 pour faire face \u00e0 cette <em>invasion<\/em> chinoise dont nous ne connaissons l\u2019app\u00e9tit que par le Tibet, par Place Tian an men, par Taiwan et par Hong Kong. Londres a donn\u00e9 le signal du nouveau r\u00e9alisme \u00e9conomique, l\u2019Am\u00e9rique l\u2019a renforc\u00e9. Trudeau \u00e0 Ottawa l\u2019a-t-il compris de ses nombreux d\u00e9placements au per diem exponentiel ?<\/p>\n<p style=\"text-align: justify;\">Que restera-t-il si la mouvance am\u00e9rindienne s\u2019en va par-devant les Nations Unies manifester. Faire entendre la voix contre le racisme syst\u00e9mique d\u00e9nonc\u00e9 r\u00e9cemment par la Commission onusienne qui a fait le tour bref du canada, en octobre\u00a0? Ce, au moment o\u00f9 la probl\u00e9matique de la s\u00e9paration du Qu\u00e9bec qui cache celle des autres provinces, m\u00eame \u00e9lan, par contre aux int\u00e9r\u00eats diff\u00e9rents. Si Moscou simulait par exemple une bourde profonde au Canada. Comment Trudeau tiendrait-il, lui qui se croit r\u00e9parateur des br\u00e8ches sur le terrain de Bagdad. De Damas, de l\u2019Afrique.<\/p>\n<p style=\"text-align: justify;\">L\u2019Apartheid appliqu\u00e9 contre l\u2019Am\u00e9rindien, autrefois \u00e9tiquette de Pretoria, est l\u00e0 pour nous, effarouch\u00e9s de l\u2019arriv\u00e9e officielle de Donald Trump sur \u00a0<em>la-map-global<\/em>. En fait, le Canada est-il \u00e9prouv\u00e9 au point de ne tomber aujourd\u2019hui dans la raison du p\u00e8re par le fils tout aussi arrogant dans sa gouvernance de la primature, quand le MAECI s\u2019est transform\u00e9 en AMC. Plus vivace qu\u2019international\u00a0? L\u2019acteur ancien peut-il se ressaisir ainsi tandis que l\u2019indice d\u2019erreur du pass\u00e9 afflue. Corruption, n\u00e9potisme. Signe avant-coureur qui indique l\u2019avenir que planifie Justin. <em>Attention aux tulipes du printemps\u00a0!<\/em><\/p>\n<p><a href=\"mailto:dan@albertini.co\">dan@albertini.co<\/a><\/p>\n<hr \/>\n<p style=\"text-align: justify;\">Cet article est publi\u00e9 dans les colonnes de l&rsquo;hebdomadaire Ha\u00efti-Observateur, le 07 d\u00e9cembre 2016; P. 13, VOL. LXLVI\/No. 45 New York et, par\u00a0<a href=\"http:\/\/haiti-observateur.ca\/?p=69\">http:\/\/haiti-observateur.ca\/?p=69<\/a>\u00a0\u00e9dition canadienne e Ha\u00efti Observateur.<\/p>\n","protected":false},"excerpt":{"rendered":"<p>DIPLOMATIE INTERNATIONALE ET SOCI\u00c9T\u00c9 par Dan Albertini Entre (). Adieu Fidel, j\u2019ai vu CHE hier. Dans un film on s\u2019entend. Une fille m\u2019a vu avec la jaquette et, elle m\u2019a dit\u00a0: \u00ab tr\u00e8s bon \u00bb. Karine est une jeune trinidadienne, elle paraissait d\u00e9\u00e7ue quand je lui ai dit que CHE a perdu. Cause\u00a0: Fidel. Fermons les (). Il faut d\u00e9baller le temps est au m\u00e9nage, d\u2019hiver. En famille. Linge sal. Sinon ce sera ailleurs, pour un printemps de tulipes. No\u00ebl, personne ne croit aux tulipes en hiver. Le Canada cultive&#8230; <\/p>\n","protected":false},"author":1,"featured_media":20,"comment_status":"open","ping_status":"open","sticky":false,"template":"","format":"standard","meta":{"footnotes":""},"categories":[17,13,18,20,12],"tags":[],"class_list":["post-75","post","type-post","status-publish","format-standard","has-post-thumbnail","hentry","category-critiques","category-economy","category-international","category-politique","category-soc"],"_links":{"self":[{"href":"https:\/\/danalbertini.ca\/index.php?rest_route=\/wp\/v2\/posts\/75","targetHints":{"allow":["GET"]}}],"collection":[{"href":"https:\/\/danalbertini.ca\/index.php?rest_route=\/wp\/v2\/posts"}],"about":[{"href":"https:\/\/danalbertini.ca\/index.php?rest_route=\/wp\/v2\/types\/post"}],"author":[{"embeddable":true,"href":"https:\/\/danalbertini.ca\/index.php?rest_route=\/wp\/v2\/users\/1"}],"replies":[{"embeddable":true,"href":"https:\/\/danalbertini.ca\/index.php?rest_route=%2Fwp%2Fv2%2Fcomments&post=75"}],"version-history":[{"count":0,"href":"https:\/\/danalbertini.ca\/index.php?rest_route=\/wp\/v2\/posts\/75\/revisions"}],"wp:featuredmedia":[{"embeddable":true,"href":"https:\/\/danalbertini.ca\/index.php?rest_route=\/wp\/v2\/media\/20"}],"wp:attachment":[{"href":"https:\/\/danalbertini.ca\/index.php?rest_route=%2Fwp%2Fv2%2Fmedia&parent=75"}],"wp:term":[{"taxonomy":"category","embeddable":true,"href":"https:\/\/danalbertini.ca\/index.php?rest_route=%2Fwp%2Fv2%2Fcategories&post=75"},{"taxonomy":"post_tag","embeddable":true,"href":"https:\/\/danalbertini.ca\/index.php?rest_route=%2Fwp%2Fv2%2Ftags&post=75"}],"curies":[{"name":"wp","href":"https:\/\/api.w.org\/{rel}","templated":true}]}}