{"id":76,"date":"2016-12-10T18:24:02","date_gmt":"2016-12-10T23:24:02","guid":{"rendered":"http:\/\/www.danalbertini.ca\/?p=22"},"modified":"2016-12-10T18:24:02","modified_gmt":"2016-12-10T23:24:02","slug":"cola-couronne-le-dessous-dune-bataille-juridique","status":"publish","type":"post","link":"https:\/\/danalbertini.ca\/?p=76","title":{"rendered":"COLA COURONNE, LE DESSOUS D\u2019UNE BATAILLE JURIDIQUE"},"content":{"rendered":"<p><em><strong>Chronique socio-politique, version tablo\u00efde <\/strong>\u2013 par Dan Albertini<\/em><\/p>\n<div id=\"attachment_24\" style=\"width: 143px\" class=\"wp-caption alignleft\"><img loading=\"lazy\" decoding=\"async\" aria-describedby=\"caption-attachment-24\" class=\"wp-image-24\" src=\"http:\/\/www.danalbertini.ca\/wp-content\/uploads\/2016\/12\/8juin040-1.jpg\" alt=\"Dan Albertini\" width=\"133\" height=\"179\" \/><p id=\"caption-attachment-24\" class=\"wp-caption-text\">Dan Albertini<\/p><\/div>\n<p style=\"text-align: justify;\"><strong>L<\/strong>&lsquo;artifice majeur de la royaut\u00e9 conna\u00eet depuis quelques temps, ce \u00e0 bien des \u00e9gards, des revers aussi majeurs que le symbole qu&rsquo;il repr\u00e9sente. Si les relations de la couronne sont litigieuses, entre la cour et ses sujets, le patron et les travailleurs dans les \u00eeles, un peu plus au Nord, elles le seraient aussi, mais entre les h\u00e9ritiers de la couronne. La saveur du fruit ne p\u00e9tille plus mais devient amer dans les \u00eeles et le champagne n&rsquo;est point sabl\u00e9 \u00e0 l&rsquo;autre fronti\u00e8re au Nord de l&rsquo;h\u00e9misph\u00e8re. Cependant, par-dessus tout, \u00e0 qui appartient la couronne ? Une importante bataille \u00e0 l&rsquo;horizon.<\/p>\n<p style=\"text-align: justify;\">La bataille juridique qui engage les anciens associ\u00e9s de cola couronne \u00e0 Montr\u00e9al n&rsquo;a rien \u00e0 voir avec celle engag\u00e9e entre les patrons en Ha\u00efti et la cohorte d&rsquo;ouvriers maltrait\u00e9s de la brasserie selon une note de l&rsquo;organisation Batay Ouvriye en Ha\u00efti.\u00a0Pourquoi donc la couronne fait-elle l&rsquo;objet de discussions des deux c\u00f4t\u00e9s de l&rsquo;h\u00e9misph\u00e8re ?\u00a0Existe-t-il un lien quelconque entre ces deux corporations ? Les ouvriers en Ha\u00efti auraient-ils jet\u00e9 un mauvais sort qui serait d\u00e9vi\u00e9 vers un joyau plus faible de ce symbole imp\u00e9rial devenu plut\u00f4t\u00a0<em>exotique<\/em>\u00a0\u00e0 Montr\u00e9al,\u00a0<em>amer<\/em>\u00a0\u00e0 Port-au-Prince ?<\/p>\n<div id=\"attachment_25\" style=\"width: 115px\" class=\"wp-caption alignleft\"><img loading=\"lazy\" decoding=\"async\" aria-describedby=\"caption-attachment-25\" class=\"wp-image-25 \" src=\"http:\/\/www.danalbertini.ca\/wp-content\/uploads\/2016\/12\/23mar04.jpg\" alt=\"23mar04\" width=\"105\" height=\"98\" \/><p id=\"caption-attachment-25\" class=\"wp-caption-text\">cola couronne bouteille<\/p><\/div>\n<p style=\"text-align: justify;\"><strong>L<\/strong>a brasserie la Couronne aurait vu le jour \u00e0 Port-au-Prince dans les\u00a0ann\u00e9es 20&prime; avec la famille Brand et, produisait les bouteilles de 10 oz. en verre. Les titres ont \u00e9t\u00e9 c\u00e9d\u00e9s \u00e0 Roger Jaar en 1983 d&rsquo;apr\u00e8s les informations officielles de la compagnie. La brasserie produisait le fruit champagne, le banana, cerise et le cola noir. Si le produit \u00e9tait exotique, la r\u00e9alit\u00e9 de la compagnie est devenue acrimonieuse d&rsquo;apr\u00e8s\u00a0<em>batay ouvriye<\/em>. Les employ\u00e9s sont trait\u00e9s comme des esclaves qui fournissent de leur sang pour l&rsquo;\u00e9volution de la brasserie dont les titres sont estim\u00e9s comme \u00e9mergeants sur les march\u00e9s boursiers d&rsquo;apr\u00e8s un rapport de International Company Profile de Londres Elle produit plus de 41 millions de litres par an en Ha\u00efti en format de 2L, 20oz et la canette de 355ml. Elle s&rsquo;est attaqu\u00e9e au lucratif march\u00e9 de la Floride en partenariat avec la compagnie Tucson USA Distributors Inc. du m\u00eame \u00e9tat. La strat\u00e9gie de p\u00e9n\u00e9tration se base sur la communaut\u00e9 ha\u00eftienne de la Floride, seconde en importance apr\u00e8s les Cubains. Une consommation am\u00e9ricaine plus large ferait miroiter un march\u00e9 potentiel de plusieurs millions de dollars US. Le profil du consommateur am\u00e9ricain d\u00e9montrerait une plus grande ouverture pour un tel produit. Cette initiative floridienne laisse pr\u00e9sager la poursuite des activit\u00e9s \u00e0 New York, Boston et Montr\u00e9al.\u00a0<em>Mais l&rsquo;ombre !<\/em>\u00a0Le nouveau contrat social initi\u00e9 en Ha\u00efti lui enl\u00e8vera-t-il, dans le contexte du conflit avec Batay Ouvriy\u00e9,\u00a0quelques joyaux de la couronne ?<\/p>\n<div id=\"attachment_26\" style=\"width: 110px\" class=\"wp-caption alignleft\"><img loading=\"lazy\" decoding=\"async\" aria-describedby=\"caption-attachment-26\" class=\"wp-image-26\" src=\"http:\/\/www.danalbertini.ca\/wp-content\/uploads\/2016\/12\/23mar041.jpg\" alt=\"23mar041\" width=\"100\" height=\"148\" \/><p id=\"caption-attachment-26\" class=\"wp-caption-text\">cola couronne exotique<\/p><\/div>\n<p style=\"text-align: justify;\"><strong>\u00c0<\/strong> Montr\u00e9al, Colas couronne \u00e9tait de pr\u00e9f\u00e9rence le produit d&rsquo;une p\u00e2le copie de\u00a0Port-au-Prince, mis en bouteille de 2L avec la saveur fruit champagne seulement, par monsieur Antoine Jean Rapha\u00ebl en juillet 1994. Le symbole de la couronne \u00e9tait diff\u00e9rent de l&rsquo;original \u00e0 Port-au-Prince. La tradition de la nomenclature aurait par la force des choses, impos\u00e9e le nom de\u00a0<em>cola<\/em>\u00a0couronne pour toucher les cordes sensibles de la client\u00e8le ha\u00eftienne. Le produit n&rsquo;\u00e9tait pas connu sur un march\u00e9 qui ne lui \u00e9tait gu\u00e8re favorable o\u00f9\u00a0Coca Cola menait le bal. La compagnie enregistr\u00e9e mettait fin \u00e0 ses activit\u00e9s en juillet 1996 et \u00e9tait r\u00e9sili\u00e9e automatiquement par la Direction g\u00e9n\u00e9rale des institutions financi\u00e8res du Qu\u00e9bec, mais le nom avait surv\u00e9cu. Par la suite, deux associ\u00e9s, Roger Petit-Fr\u00e8re et Serges C\u00e9sar form\u00e8rent une nouvelle corporation. La facture du produit avait \u00e9t\u00e9 am\u00e9lior\u00e9e. Selon monsieur Petit-Fr\u00e8re, ils voulaient valoriser ce produit des \u00eeles tr\u00e8s appr\u00e9ci\u00e9 par la nostalgique communaut\u00e9 ha\u00eftienne de Montr\u00e9al.\u00a0<strong>Colas<\/strong>\u00a0Couronne devenait\u00a0<strong>Cola<\/strong>\u00a0Couronne d&rsquo;apr\u00e8s les documents disponibles \u00e0 la DGIFQ, en date du 5 juin 1998 avec monsieur Serges C\u00e9sar actionnaire majorita. Par contre la poursuite d&rsquo;un investisseur Serges Michel, en juin 2001actionnait Petit-Fr\u00e8re et C\u00e9sar au m\u00eame titre d&rsquo;associ\u00e9s de Cola Couronne inc. Ce qui d\u00e9montrait clairement la participation de Petit-Fr\u00e8re dans la compagnie. Le titre a \u00e9t\u00e9 radi\u00e9 d&rsquo;office par la suite \u00e0 la DGIFQ en juin 2002 apr\u00e8s une modification en juin 2000. Le litige avait d\u00e9j\u00e0 s\u00e9par\u00e9 les deux associ\u00e9s, toujours selon les documents de la DGIFQ, qui poss\u00e9daient conjointement depuis novembre 1994, le titre de Distribution Alicos, radi\u00e9 d&rsquo;office en juillet 1996. \u00c0 la m\u00eame \u00e9poque, Antoine Jean Rapha\u00ebl perdait les droits d&rsquo;exploitation du titre Colas Couronne enr. Des informations non v\u00e9rifi\u00e9es voudraient qu&rsquo;une entente ait \u00e9t\u00e9 conclue avec monsieur Antoine J.R. qui \u00e9prouvait trop difficult\u00e9s dans l&rsquo;exploitation de son entreprise. La nouvelle entreprise semblait prendre r\u00e9ellement son essor en 1997, elle produisait les canettes de 355ml. et le format de 2 litres en plastique. Le produit p\u00e9n\u00e9trait les grands supers march\u00e9s de Montr\u00e9al et l&rsquo;universit\u00e9 du Qu\u00e9bec \u00e0 Montr\u00e9al. Il \u00e9vin\u00e7ait ainsi le produit concurrent de Frantz Vancol, Cola Quisquieya. Une rumeur avait aussit\u00f4t circul\u00e9: la compagnie n&rsquo;appartenait plus aux Ha\u00eftiens. Elle s&rsquo;appuyait sur le fait le brasseur Cote aurait acquis les droits. Un communiqu\u00e9 sign\u00e9 de Roger Petit-Fr\u00e8re responsable administratif, datant du 9 septembre 1997 d\u00e9mentait la rumeur et confirmait la possession des associ\u00e9s Serges C\u00e9sar et Roger Petit-Fr\u00e8re. Un troisi\u00e8me partenaire rentrait dans l&rsquo;ar\u00e8ne de Cola couronne Montr\u00e9al, Katia Bustros, le conseil de la compagnie d&rsquo;apr\u00e8s la version de monsieur Petit-Fr\u00e8re dans un document obtenu \u00e0 la cour du Qu\u00e9bec. C&rsquo;est l\u00e0 o\u00f9\u00a0le champagne aurait perdu sa saveur, entre les associ\u00e9s. En juin 1999, une nouvelle compagnie \u00e9tait fond\u00e9e par l&rsquo;avocate Katia Bustros, Kadasso inc. et monsieur Petit-Fr\u00e8re d\u00e9missionnait de son poste d&rsquo;administrateur sans renoncer \u00e0 ses droits dit-il. Kadasso devait ainsi distribuer les gazeuses Cola Couronne.<\/p>\n<div id=\"attachment_27\" style=\"width: 125px\" class=\"wp-caption alignleft\"><img loading=\"lazy\" decoding=\"async\" aria-describedby=\"caption-attachment-27\" class=\"wp-image-27\" src=\"http:\/\/www.danalbertini.ca\/wp-content\/uploads\/2016\/12\/24mar04.jpg\" alt=\"24mar04\" width=\"115\" height=\"114\" \/><p id=\"caption-attachment-27\" class=\"wp-caption-text\">fruit champagne<\/p><\/div>\n<p style=\"text-align: justify;\"><strong>La bataille d\u00e9cisive pour la Couronne<\/strong><strong>.<\/strong><strong>\u00a0<\/strong>La lutte qui s&rsquo;\u00e9tait engag\u00e9e depuis quelques ann\u00e9es \u00e9tait devenue ainsi, de plus en plus cors\u00e9e. Roger Petit-Fr\u00e8re, l&rsquo;un des propri\u00e9taires de la marque d\u00e9pos\u00e9e au Canada, apr\u00e8s avoir d\u00e9fendu son cas en personne, sans l&rsquo;aide d&rsquo;un conseil avait remport\u00e9 par devant le juge Beaulac, une grosse manche de la bataille juridique face aux avocats des parties adverses. \u00c0 cette \u00e9poque-l\u00e0, l&rsquo;ancienne administration de journal PAMH avait publi\u00e9 un article sur la tenue du proc\u00e8s et invit\u00e9 le public \u00e0 y assister. Petit-Fr\u00e8re avait \u00e9t\u00e9 exon\u00e9r\u00e9 de toute poursuite. Le juge Beaulac aurait par contre condamn\u00e9 les deux nouveaux partenaires associ\u00e9s \u00e0 payer une certaine cr\u00e9ance qui n&rsquo;avait pas \u00e9t\u00e9 honor\u00e9e (Monsieur Serges Michel cr\u00e9ancier). C&rsquo;\u00e9tait en 2001. La situation a \u00e9volu\u00e9 depuis, les ex-partenaires fourbissaient leurs armes. La bataille juridique prend une toute autre direction. Le nouveau couple associ\u00e9 de cola couronne poursuivrait l&rsquo;ancienne administration de journal PAMH, selon des documents datant du mois de novembre 2003, \u00e0 cause de l&rsquo;article de\u00a0<u>www.journalpamh.com<\/u>. Roger Petit-Fr\u00e8re, l&rsquo;associ\u00e9 \u00e9ject\u00e9, revient \u00e0 la charge cette fois-ci. Il veut r\u00e9clamer sa part dans la soci\u00e9t\u00e9.\u00a0Petit-Fr\u00e8re accuse aujourd&rsquo;hui Katia Bustros ainsi que son partenaire Serges C\u00e9sar de lui avoir usurp\u00e9 ses droits et privil\u00e8ges. Il r\u00e9clame un peu plus de 1\/2 million de dollars ca. en dommages et int\u00e9r\u00eats \u00e0 ceux qui selon toute apparence seraient plus que des partenaires d&rsquo;affaires. Les liens de famille qui unissaient les anciens associ\u00e9s C\u00e9sar &amp; Petit-Fr\u00e8re auraient perdu leurs valeurs face aux nouveaux liens de Bustros &amp; C\u00e9sar.<\/p>\n<div id=\"attachment_28\" style=\"width: 126px\" class=\"wp-caption alignleft\"><img loading=\"lazy\" decoding=\"async\" aria-describedby=\"caption-attachment-28\" class=\"wp-image-28\" src=\"http:\/\/www.danalbertini.ca\/wp-content\/uploads\/2016\/12\/24mar042.jpg\" alt=\"24mar042\" width=\"116\" height=\"158\" \/><p id=\"caption-attachment-28\" class=\"wp-caption-text\">saveur<\/p><\/div>\n<p style=\"text-align: justify;\">La capacit\u00e9 des deux entreprises n&rsquo;a rien en commun. La premi\u00e8re d\u00e9veloppe un aspect multinational et\u00a0dispose de millions tandis que la seconde, avec un budget plus aust\u00e8re et, d\u00e9pendante de la brasserie Cote, ne ma\u00eetrise pas encore son propre r\u00e9seau de distribution. Elle n&rsquo;arrive pas \u00e0 couvrir r\u00e9ellement le grand Montr\u00e9al. Une nouvelle rumeur voudrait que la Couronne ait \u00e9t\u00e9 vendue encore \u00e0 Cote. Autre aspect, l&rsquo;\u00e9tiquette bilingue r\u00e9pondrait selon toute apparence aux exigences linguistiques du Qu\u00e9bec plut\u00f4t qu&rsquo;\u00e0 une perspective d&rsquo;exportation. Si l&rsquo;on poursuit avec la politique de p\u00e9n\u00e9tration de la premi\u00e8re, une grande interrogation s&rsquo;impose: qui aurait pr\u00e9s\u00e9ance sur les droits internationaux de Cola Couronne ? La saveur \u00e9tant la m\u00eame, le format aussi mais le symbole est l\u00e9g\u00e8rement diff\u00e9rent. La Couronne principale, la riche avalerait-elle la petite, parent nominal \u00e9loign\u00e9 ? L\u00e0 encore il faudrait se demander \u00e0 quel effet: bataille juridique, contrat de distribution ou tout simplement guerre des prix ? Il existerait encore une autre hypoth\u00e8se selon un expert en droit commercial international: l&rsquo;intervention des \u00e9tats canadien et ha\u00eftien \u00e0 l&rsquo;OMC. Si l&rsquo;on consid\u00e8re que les biens de la Couronne sont dans la tradition, l&rsquo;objet de scandales, il y a fort \u00e0 parier sur un acharnement du destin. Un observateur ind\u00e9pendant nous aurait fait remarquer que monsieur Petit-Fr\u00e8re \u00e9tant un \u00e9l\u00e9ment tr\u00e8s calculateur, le choix du moment de r\u00e9clamer ses droits ne serait pas sans relation avec la strat\u00e9gie de p\u00e9n\u00e9tration de Port-au-Prince. Il aurait laiss\u00e9 ses fonctions d&rsquo;attach\u00e9 politique de la d\u00e9put\u00e9e ministre de la culture du Qu\u00e9bec en vue de mieux se positionner pour une plus grosse bataille. Sa passion pour les affaires judiciaires en dirait long sur ses strat\u00e9gies. Les dessous de ces batailles juridiques en d\u00e9voileront bien des secrets cach\u00e9s dans les jours \u00e0 venir. En attendant, Port-au-Prince tra\u00eene le boulet de la cruaut\u00e9 envers ses employ\u00e9s. Montr\u00e9al assiste elle-m\u00eame \u00e0 une lev\u00e9e de bouclier entre les avocats de Me. Bustros et Roger Petit-Fr\u00e8re depuis le 29 mars au palais de justice \u00e0 Montr\u00e9al. Et, New York pour cl\u00f4turer, brasserait aussi selon nos informations, sa Couronne ind\u00e9pendante avec le m\u00eame exotique fruit champagne.<\/p>\n<div id=\"attachment_29\" style=\"width: 91px\" class=\"wp-caption alignleft\"><img loading=\"lazy\" decoding=\"async\" aria-describedby=\"caption-attachment-29\" class=\"wp-image-29\" src=\"http:\/\/www.danalbertini.ca\/wp-content\/uploads\/2016\/12\/24mar041.jpg\" alt=\"24mar041\" width=\"81\" height=\"110\" \/><p id=\"caption-attachment-29\" class=\"wp-caption-text\">banana<\/p><\/div>\n<p style=\"text-align: justify;\"><em>Au moment de la r\u00e9daction de cet article, \u00e0 Montr\u00e9al les parties \u00e9taient en cour, \u00e0 New York la consommation \u00e9tait \u00e0 la hausse et \u00e0 Port-au-Prince c&rsquo;\u00e9tait le statut quo. \u00c0 suivre.<\/em><\/p>\n<hr \/>\n<p style=\"text-align: justify;\"><strong>Chronique socio-politique Journal PAMH Volume 2 No. 15, Mars-Avril 2002 et de R\u00e9seau HEM Canada<\/strong><\/p>\n","protected":false},"excerpt":{"rendered":"<p>Chronique socio-politique, version tablo\u00efde \u2013 par Dan Albertini L&lsquo;artifice majeur de la royaut\u00e9 conna\u00eet depuis quelques temps, ce \u00e0 bien des \u00e9gards, des revers aussi majeurs que le symbole qu&rsquo;il repr\u00e9sente. Si les relations de la couronne sont litigieuses, entre la cour et ses sujets, le patron et les travailleurs dans les \u00eeles, un peu plus au Nord, elles le seraient aussi, mais entre les h\u00e9ritiers de la couronne. La saveur du fruit ne p\u00e9tille plus mais devient amer dans les \u00eeles et le champagne n&rsquo;est point sabl\u00e9 \u00e0 l&rsquo;autre&#8230; <\/p>\n","protected":false},"author":1,"featured_media":23,"comment_status":"open","ping_status":"open","sticky":false,"template":"","format":"standard","meta":{"footnotes":""},"categories":[13,12],"tags":[],"class_list":["post-76","post","type-post","status-publish","format-standard","has-post-thumbnail","hentry","category-economy","category-soc"],"_links":{"self":[{"href":"https:\/\/danalbertini.ca\/index.php?rest_route=\/wp\/v2\/posts\/76","targetHints":{"allow":["GET"]}}],"collection":[{"href":"https:\/\/danalbertini.ca\/index.php?rest_route=\/wp\/v2\/posts"}],"about":[{"href":"https:\/\/danalbertini.ca\/index.php?rest_route=\/wp\/v2\/types\/post"}],"author":[{"embeddable":true,"href":"https:\/\/danalbertini.ca\/index.php?rest_route=\/wp\/v2\/users\/1"}],"replies":[{"embeddable":true,"href":"https:\/\/danalbertini.ca\/index.php?rest_route=%2Fwp%2Fv2%2Fcomments&post=76"}],"version-history":[{"count":0,"href":"https:\/\/danalbertini.ca\/index.php?rest_route=\/wp\/v2\/posts\/76\/revisions"}],"wp:featuredmedia":[{"embeddable":true,"href":"https:\/\/danalbertini.ca\/index.php?rest_route=\/wp\/v2\/media\/23"}],"wp:attachment":[{"href":"https:\/\/danalbertini.ca\/index.php?rest_route=%2Fwp%2Fv2%2Fmedia&parent=76"}],"wp:term":[{"taxonomy":"category","embeddable":true,"href":"https:\/\/danalbertini.ca\/index.php?rest_route=%2Fwp%2Fv2%2Fcategories&post=76"},{"taxonomy":"post_tag","embeddable":true,"href":"https:\/\/danalbertini.ca\/index.php?rest_route=%2Fwp%2Fv2%2Ftags&post=76"}],"curies":[{"name":"wp","href":"https:\/\/api.w.org\/{rel}","templated":true}]}}