{"id":82,"date":"2016-12-20T19:19:12","date_gmt":"2016-12-21T00:19:12","guid":{"rendered":"http:\/\/www.danalbertini.ca\/?p=45"},"modified":"2016-12-20T19:19:12","modified_gmt":"2016-12-21T00:19:12","slug":"marc-yves-volcy-troisieme-vitesse","status":"publish","type":"post","link":"https:\/\/danalbertini.ca\/?p=82","title":{"rendered":"MARC YVES VOLCY, TROISI\u00c8ME VITESSE"},"content":{"rendered":"<p><strong>D\u00e9marcation &#8211; <\/strong><strong>Texte in\u00e9dit <\/strong><em>par Dan Albertini<\/em><\/p>\n<p style=\"text-align: justify;\"><strong>D<\/strong>epuis ma tendre enfance, l\u2019entr\u00e9e en mati\u00e8re a toujours \u00e9t\u00e9 une faiblesse dans ma pratique. Pourtant, sollicitation, oblige, il fallait le faire pour convoiter les sous de nos parents. Les \u2018\u2019<em>sous culturels\u2019<\/em>\u2018 qui permettaient un <em>\u2018\u2019petit cowboy\u2019\u2018 avec Franco Nero ou Guliano Gema,<\/em> <em>un Bruce Lee ou<\/em> <em>un shaolin red master, la raison d&rsquo;\u00e9tat.<\/em> Cependant, artiste n\u00e9vros\u00e9, \u00e9touff\u00e9 dans mes \u00e9lans, je n\u2019arrivais pas \u00e0 formuler ma demande, surtout quand il fallait persuader, sans m\u2019appuyer sur le \u2018\u2019recevoir\u2019\u2018 des autres fr\u00e8res.<\/p>\n<p style=\"text-align: justify;\"><strong>C<\/strong>\u2019\u00e9tait une mauvaise pratique, mais, qui avait son avantage malgr\u00e9 la provocation.<\/p>\n<p style=\"text-align: justify;\"><strong>C<\/strong>\u2019est ainsi que je me permets de d\u00e9couvrir, de d\u00e9voiler, non pas un disque, un <em>tube,<\/em> mais la troisi\u00e8me vitesse d\u2019un artiste, la d\u00e9marcation d\u2019un artiste, de Marc Yves Volcy. Ce n\u2019est pas une comparaison, mais plus que Ansy D\u00e9rose, Marc Yves Volcy a fait vibrer avec \u2018\u2019<em>Bal Karnaval<\/em>\u2019\u2018.<\/p>\n<p style=\"text-align: justify;\"><strong>L<\/strong>\u2019ancien chanteur du groupe les Ambassadeurs, apr\u00e8s un long veuvage de la sc\u00e8ne, depuis sa migration au Canada, avait d\u00e9barqu\u00e9 <em>\u00a0Migrance <\/em>!<\/p>\n<p><strong>M<\/strong>igrance nan diaspora andezo, 3 ans apr\u00e8s !<\/p>\n<p style=\"text-align: justify;\"><strong>C<\/strong>omme si c\u2019\u00e9tait aujourd\u2019hui. Nouveau ! Ben non, un h\u00e9ritage, un point c\u2019est tout.<\/p>\n<p style=\"text-align: justify;\"><strong>J<\/strong>\u2019ai parl\u00e9 de <em>BalKarnaval<\/em>, que dire de <em>Anwo amba<\/em>. Non, ce ne sont pas les seuls. J\u2019avoue une attirance pour la chose politique, mais <em>Chante avec moi<\/em> peut-\u00eatre consid\u00e9rer comme la r\u00e9v\u00e9lation de l\u2019album qui peut plaire \u00e0 un public m\u00eame diversifi\u00e9.<\/p>\n<p style=\"text-align: justify;\"><strong><em>C<\/em><\/strong><em>hante avec moi<\/em>, un artiste qui vous invite \u00e0 chanter l\u2019espoir, un espoir m\u00e9lodieux, une invitation romantique pourtant r\u00e9volutionnaire. Marc Yves Volcy fait appel \u00e0 un peu de douceur du classique pour noyer l\u2019auditeur dans une r\u00e9flexion profonde sans ennuyer cette saveur tropical indicatif. Pourtant l\u2019artiste ne r\u00e9clame pas son d\u00fb !<\/p>\n<p style=\"text-align: justify;\">Apr\u00e8s plus de dix ans de silence, ce g\u00e9ant sort de ses gonds pour oser. Il ose par rapport \u00e0 lui-m\u00eame, ce grand timide qui, parti \u00e0 la recherche de la v\u00e9rit\u00e9, de sa v\u00e9rit\u00e9, de ses tripes pour produire plus qu&rsquo;une r\u00e9v\u00e9lation mais une autre dimension de sa personne. Une d\u00e9marcation. Pour faire pleurer les autres, de jalousie et aussi les siens, de tendresse et d&rsquo;amour. Si cette sortie co\u00efncide \u00e0 celle de la seizi\u00e8me \u00e9dition du festival des nuits d&rsquo;Afrique, il ne d\u00e9veloppe aucun lien sinon la d\u00e9monstration d&rsquo;une voltige pluridisciplinaire qui le consacre d\u00e9finitivement dans la lign\u00e9e des grands cr\u00e9ateurs. Messieurs les promoteurs: \u00e0 vos marques et partez !<\/p>\n<p style=\"text-align: justify;\">Le lancement de cet coffret \u00c0 flots et \u00e0 d\u00e9lire &#8211; Kat kab\u00e8s viendra imposer une nouvelle norme dans la musique ha\u00eftienne en g\u00e9n\u00e9ral et surtout une nouvelle compr\u00e9hension de la communaut\u00e9 ha\u00eftienne du Qu\u00e9bec pour la soci\u00e9t\u00e9 d&rsquo;accueil qui trop souvent affiche une perception erron\u00e9e des artistes d&rsquo;origines ha\u00eftienne. Rien de l&rsquo;amateurisme, dans un autre langage, \u00e9vacuant tout primitivisme justement attribu\u00e9 \u00e0 la peinture ha\u00eftienne sans pour autant \u00e9vacuer l&rsquo;instinct cr\u00e9ateur, Marc-Yves Volcy s&rsquo;adresse directement \u00e0 la pens\u00e9e et conjointement au c\u0153ur et \u00e0 la raison. S&rsquo;il n&rsquo;est pas un adepte du trop facile, il ne se perd pas non plus dans l&rsquo;abstraction de l&rsquo;imaginaire d\u00e9sordonn\u00e9 des artistes pr\u00e9tentieux mais rat\u00e9s.<\/p>\n<hr \/>\n<p style=\"text-align: justify;\"><strong>Texte in\u00e9dit du 31 07, 2001, 10H35<\/strong>. Je lui ai toujours avou\u00e9 la difficult\u00e9 d&rsquo;\u00e9crire sur son oeuvre, et je le crois profond\u00e9ment, n&rsquo;importe qui ne peut s&rsquo;exprimer sur la stature de l&rsquo;oeuvre de Marc-Yves Volcy. C&rsquo;est le travail d&rsquo;un expert. Je prends la libert\u00e9 d&rsquo;oser aujourd&rsquo;hui, apr\u00e8s maintes fois retenu. L&rsquo;on peut malgr\u00e9 tout \u00e9crire sur la nature d&rsquo;un \u00e9v\u00e9nement ou, sur un agenda.<\/p>\n","protected":false},"excerpt":{"rendered":"<p>D\u00e9marcation &#8211; Texte in\u00e9dit par Dan Albertini Depuis ma tendre enfance, l\u2019entr\u00e9e en mati\u00e8re a toujours \u00e9t\u00e9 une faiblesse dans ma pratique. Pourtant, sollicitation, oblige, il fallait le faire pour convoiter les sous de nos parents. Les \u2018\u2019sous culturels\u2019\u2018 qui permettaient un \u2018\u2019petit cowboy\u2019\u2018 avec Franco Nero ou Guliano Gema, un Bruce Lee ou un shaolin red master, la raison d&rsquo;\u00e9tat. Cependant, artiste n\u00e9vros\u00e9, \u00e9touff\u00e9 dans mes \u00e9lans, je n\u2019arrivais pas \u00e0 formuler ma demande, surtout quand il fallait persuader, sans m\u2019appuyer sur le \u2018\u2019recevoir\u2019\u2018 des autres fr\u00e8res. C\u2019\u00e9tait une&#8230; <\/p>\n","protected":false},"author":1,"featured_media":46,"comment_status":"open","ping_status":"open","sticky":false,"template":"","format":"standard","meta":{"footnotes":""},"categories":[17,12],"tags":[],"class_list":["post-82","post","type-post","status-publish","format-standard","has-post-thumbnail","hentry","category-critiques","category-soc"],"_links":{"self":[{"href":"https:\/\/danalbertini.ca\/index.php?rest_route=\/wp\/v2\/posts\/82","targetHints":{"allow":["GET"]}}],"collection":[{"href":"https:\/\/danalbertini.ca\/index.php?rest_route=\/wp\/v2\/posts"}],"about":[{"href":"https:\/\/danalbertini.ca\/index.php?rest_route=\/wp\/v2\/types\/post"}],"author":[{"embeddable":true,"href":"https:\/\/danalbertini.ca\/index.php?rest_route=\/wp\/v2\/users\/1"}],"replies":[{"embeddable":true,"href":"https:\/\/danalbertini.ca\/index.php?rest_route=%2Fwp%2Fv2%2Fcomments&post=82"}],"version-history":[{"count":0,"href":"https:\/\/danalbertini.ca\/index.php?rest_route=\/wp\/v2\/posts\/82\/revisions"}],"wp:featuredmedia":[{"embeddable":true,"href":"https:\/\/danalbertini.ca\/index.php?rest_route=\/wp\/v2\/media\/46"}],"wp:attachment":[{"href":"https:\/\/danalbertini.ca\/index.php?rest_route=%2Fwp%2Fv2%2Fmedia&parent=82"}],"wp:term":[{"taxonomy":"category","embeddable":true,"href":"https:\/\/danalbertini.ca\/index.php?rest_route=%2Fwp%2Fv2%2Fcategories&post=82"},{"taxonomy":"post_tag","embeddable":true,"href":"https:\/\/danalbertini.ca\/index.php?rest_route=%2Fwp%2Fv2%2Ftags&post=82"}],"curies":[{"name":"wp","href":"https:\/\/api.w.org\/{rel}","templated":true}]}}